{"id":4415,"date":"2019-03-20T13:47:21","date_gmt":"2019-03-20T10:47:21","guid":{"rendered":"https:\/\/www.univ-chlef.dz\/FSEI\/?p=4415"},"modified":"2019-03-21T11:13:18","modified_gmt":"2019-03-21T08:13:18","slug":"lancement-du-programme-profas-b-2019-2020","status":"publish","type":"post","link":"https:\/\/fsei.univ-chlef.dz\/?p=4415","title":{"rendered":"Lancement du programme PROFAS B+ 2019-2020"},"content":{"rendered":"<p>[divider]<\/p>\n<p><img loading=\"lazy\" decoding=\"async\" class=\"alignnone size-full wp-image-4416\" src=\"https:\/\/www.univ-chlef.dz\/FSEI\/wp-content\/uploads\/2019\/03\/Capture.jpg\" alt=\"\" width=\"1205\" height=\"535\" srcset=\"https:\/\/fsei.univ-chlef.dz\/wp-content\/uploads\/2019\/03\/Capture.jpg 1205w, https:\/\/fsei.univ-chlef.dz\/wp-content\/uploads\/2019\/03\/Capture-300x133.jpg 300w, https:\/\/fsei.univ-chlef.dz\/wp-content\/uploads\/2019\/03\/Capture-768x341.jpg 768w, https:\/\/fsei.univ-chlef.dz\/wp-content\/uploads\/2019\/03\/Capture-1024x455.jpg 1024w\" sizes=\"auto, (max-width: 1205px) 100vw, 1205px\" \/><\/p>\n<p><span style=\"font-family: tahoma,arial,helvetica,sans-serif;\">Appel \u00e0 candidatures du programme PROFAS B+ 2019-2020 :<\/span><\/p>\n<div class=\"checklist\">\n<ul>\n<li><a href=\"https:\/\/www.univ-chlef.dz\/FSEI\/wp-content\/uploads\/2019\/03\/Appel-candidatures.pdf\"><span style=\"font-family: tahoma,arial,helvetica,sans-serif;\">Appel \u00e0 candidatures<\/span><\/a><\/li>\n<li><a href=\"https:\/\/www.univ-chlef.dz\/FSEI\/wp-content\/uploads\/2019\/03\/Lancemant-d-offre.pdf\"><span style=\"font-family: tahoma,arial,helvetica,sans-serif;\">Lancement PROFAS B+ (CRU)<\/span><\/a><\/li>\n<li><span style=\"font-family: tahoma,arial,helvetica,sans-serif;\"><a href=\"https:\/\/www.univ-chlef.dz\/FSEI\/wp-content\/uploads\/2019\/03\/Attestation-de-non-activite.docx\">Attestation de non-activit\u00e9<\/a><br \/>\n<\/span><\/li>\n<li><span style=\"font-family: tahoma,arial,helvetica,sans-serif;\"><a href=\"https:\/\/www.univ-chlef.dz\/FSEI\/wp-content\/uploads\/2019\/03\/Attestation-de-non-benefice-formation-residentielle.docx\">Attestation de non-b\u00e9n\u00e9fice formation r\u00e9sidentielle<\/a><br \/>\n<\/span><\/li>\n<li><a href=\"https:\/\/www.univ-chlef.dz\/FSEI\/wp-content\/uploads\/2019\/03\/Attestation-d-engagement.docx\"><span style=\"font-family: tahoma,arial,helvetica,sans-serif;\">Attestation d&rsquo;engagement<\/span><\/a><\/li>\n<li><a href=\"https:\/\/www.univ-chlef.dz\/FSEI\/wp-content\/uploads\/2019\/03\/Engagement-convention-de-cotutelle.docx\"><span style=\"font-family: tahoma,arial,helvetica,sans-serif;\">Engagement convention de cotutelle<\/span><\/a><\/li>\n<li><a href=\"https:\/\/www.univ-chlef.dz\/FSEI\/wp-content\/uploads\/2019\/03\/Formulaire-de-candidature.docx\"><span style=\"font-family: tahoma,arial,helvetica,sans-serif;\">Formulaire de candidature<\/span><\/a><\/li>\n<li><a href=\"https:\/\/www.univ-chlef.dz\/FSEI\/wp-content\/uploads\/2019\/03\/Lettre-d-accueil-pour-co-encadrement.docx\"><span style=\"font-family: tahoma,arial,helvetica,sans-serif;\">Lettre d&rsquo;accueil pour co-encadrement<\/span><\/a><\/li>\n<\/ul>\n<p><span style=\"font-family: tahoma,arial,helvetica,sans-serif;\">Les Dossiers complets de vos candidats doivent \u00eatre d\u00e9pos\u00e9s <span style=\"color: #ff0000;\"><span style=\"color: #000000;\">au<\/span><\/span><strong><span style=\"color: #ff0000;\"> niveau de la CRUO<\/span><\/strong> au <strong><span style=\"color: #ff0000;\">plus tard le Mardi 23 avril 2019<\/span><\/strong>.<\/span><\/p>\n<\/div>\n","protected":false},"excerpt":{"rendered":"<p>[divider] Appel \u00e0 candidatures du programme PROFAS B+ 2019-2020 : Appel \u00e0 candidatures Lancement PROFAS B+ (CRU) Attestation de non-activit\u00e9 [&hellip;]<\/p>\n","protected":false},"author":7,"featured_media":4416,"comment_status":"closed","ping_status":"closed","sticky":false,"template":"","format":"standard","meta":{"_uag_custom_page_level_css":"","site-sidebar-layout":"default","site-content-layout":"","ast-site-content-layout":"default","site-content-style":"default","site-sidebar-style":"default","ast-global-header-display":"","ast-banner-title-visibility":"","ast-main-header-display":"","ast-hfb-above-header-display":"","ast-hfb-below-header-display":"","ast-hfb-mobile-header-display":"","site-post-title":"","ast-breadcrumbs-content":"","ast-featured-img":"","footer-sml-layout":"","ast-disable-related-posts":"","theme-transparent-header-meta":"","adv-header-id-meta":"","stick-header-meta":"","header-above-stick-meta":"","header-main-stick-meta":"","header-below-stick-meta":"","astra-migrate-meta-layouts":"default","ast-page-background-enabled":"default","ast-page-background-meta":{"desktop":{"background-color":"var(--ast-global-color-5)","background-image":"","background-repeat":"repeat","background-position":"center center","background-size":"auto","background-attachment":"scroll","background-type":"","background-media":"","overlay-type":"","overlay-color":"","overlay-opacity":"","overlay-gradient":""},"tablet":{"background-color":"","background-image":"","background-repeat":"repeat","background-position":"center center","background-size":"auto","background-attachment":"scroll","background-type":"","background-media":"","overlay-type":"","overlay-color":"","overlay-opacity":"","overlay-gradient":""},"mobile":{"background-color":"","background-image":"","background-repeat":"repeat","background-position":"center center","background-size":"auto","background-attachment":"scroll","background-type":"","background-media":"","overlay-type":"","overlay-color":"","overlay-opacity":"","overlay-gradient":""}},"ast-content-background-meta":{"desktop":{"background-color":"var(--ast-global-color-4)","background-image":"","background-repeat":"repeat","background-position":"center center","background-size":"auto","background-attachment":"scroll","background-type":"","background-media":"","overlay-type":"","overlay-color":"","overlay-opacity":"","overlay-gradient":""},"tablet":{"background-color":"var(--ast-global-color-4)","background-image":"","background-repeat":"repeat","background-position":"center center","background-size":"auto","background-attachment":"scroll","background-type":"","background-media":"","overlay-type":"","overlay-color":"","overlay-opacity":"","overlay-gradient":""},"mobile":{"background-color":"var(--ast-global-color-4)","background-image":"","background-repeat":"repeat","background-position":"center center","background-size":"auto","background-attachment":"scroll","background-type":"","background-media":"","overlay-type":"","overlay-color":"","overlay-opacity":"","overlay-gradient":""}},"footnotes":""},"categories":[43,44,46],"tags":[],"class_list":["post-4415","post","type-post","status-publish","format-standard","has-post-thumbnail","hentry","category-a-la-une","category-accueil","category-bourses"],"uagb_featured_image_src":{"full":["https:\/\/fsei.univ-chlef.dz\/wp-content\/uploads\/2019\/03\/Capture.jpg",1205,535,false],"thumbnail":["https:\/\/fsei.univ-chlef.dz\/wp-content\/uploads\/2019\/03\/Capture-150x150.jpg",150,150,true],"medium":["https:\/\/fsei.univ-chlef.dz\/wp-content\/uploads\/2019\/03\/Capture-300x133.jpg",300,133,true],"medium_large":["https:\/\/fsei.univ-chlef.dz\/wp-content\/uploads\/2019\/03\/Capture-768x341.jpg",768,341,true],"large":["https:\/\/fsei.univ-chlef.dz\/wp-content\/uploads\/2019\/03\/Capture-1024x455.jpg",1024,455,true],"1536x1536":["https:\/\/fsei.univ-chlef.dz\/wp-content\/uploads\/2019\/03\/Capture.jpg",1205,535,false],"2048x2048":["https:\/\/fsei.univ-chlef.dz\/wp-content\/uploads\/2019\/03\/Capture.jpg",1205,535,false]},"uagb_author_info":{"display_name":"","author_link":"https:\/\/fsei.univ-chlef.dz\/?author=7"},"uagb_comment_info":0,"uagb_excerpt":"[divider] Appel \u00e0 candidatures du programme PROFAS B+ 2019-2020 : Appel \u00e0 candidatures Lancement PROFAS B+ (CRU) Attestation de non-activit\u00e9 [&hellip;]","_links":{"self":[{"href":"https:\/\/fsei.univ-chlef.dz\/index.php?rest_route=\/wp\/v2\/posts\/4415","targetHints":{"allow":["GET"]}}],"collection":[{"href":"https:\/\/fsei.univ-chlef.dz\/index.php?rest_route=\/wp\/v2\/posts"}],"about":[{"href":"https:\/\/fsei.univ-chlef.dz\/index.php?rest_route=\/wp\/v2\/types\/post"}],"author":[{"embeddable":true,"href":"https:\/\/fsei.univ-chlef.dz\/index.php?rest_route=\/wp\/v2\/users\/7"}],"replies":[{"embeddable":true,"href":"https:\/\/fsei.univ-chlef.dz\/index.php?rest_route=%2Fwp%2Fv2%2Fcomments&post=4415"}],"version-history":[{"count":3,"href":"https:\/\/fsei.univ-chlef.dz\/index.php?rest_route=\/wp\/v2\/posts\/4415\/revisions"}],"predecessor-version":[{"id":4435,"href":"https:\/\/fsei.univ-chlef.dz\/index.php?rest_route=\/wp\/v2\/posts\/4415\/revisions\/4435"}],"wp:featuredmedia":[{"embeddable":true,"href":"https:\/\/fsei.univ-chlef.dz\/index.php?rest_route=\/wp\/v2\/media\/4416"}],"wp:attachment":[{"href":"https:\/\/fsei.univ-chlef.dz\/index.php?rest_route=%2Fwp%2Fv2%2Fmedia&parent=4415"}],"wp:term":[{"taxonomy":"category","embeddable":true,"href":"https:\/\/fsei.univ-chlef.dz\/index.php?rest_route=%2Fwp%2Fv2%2Fcategories&post=4415"},{"taxonomy":"post_tag","embeddable":true,"href":"https:\/\/fsei.univ-chlef.dz\/index.php?rest_route=%2Fwp%2Fv2%2Ftags&post=4415"}],"curies":[{"name":"wp","href":"https:\/\/api.w.org\/{rel}","templated":true}]}}